{"id":118132,"date":"2026-05-01T20:59:21","date_gmt":"2026-05-01T19:59:21","guid":{"rendered":"https:\/\/www.alhadathlifriqui.com\/?p=118132"},"modified":"2026-05-01T21:01:21","modified_gmt":"2026-05-01T20:01:21","slug":"%d8%ae%d8%a8%d8%b1%d8%a7%d8%a1-%d9%8a%d8%a8%d8%b1%d8%b2%d8%a7%d9%86-%d8%b1%d9%8a%d8%a7%d8%af%d8%a9-%d8%a7%d9%84%d8%a3%d8%b9%d9%85%d8%a7%d9%84-%d9%83%d8%b1%d8%a7%d9%81%d8%b9%d8%a9-%d8%a7%d8%b3","status":"publish","type":"post","link":"https:\/\/www.alhadathlifriqui.com\/?p=118132","title":{"rendered":"\u062e\u0628\u0631\u0627\u0621 \u064a\u0628\u0631\u0632\u0648\u0646\u00a0\u0644\u0644\u0634\u0628\u0627\u0628 \u0631\u064a\u0627\u062f\u0629 \u0627\u0644\u0623\u0639\u0645\u0627\u0644 \u0643\u0631\u0627\u0641\u0639\u0629 \u0627\u0633\u062a\u0631\u0627\u062a\u064a\u062c\u064a\u0629 \u0644\u0644\u062a\u0646\u0645\u064a\u0629 \u0627\u0644\u0627\u0642\u062a\u0635\u0627\u062f\u064a\u0629 \u0648\u0627\u0644\u0627\u0628\u062a\u0643\u0627\u0631"},"content":{"rendered":"\n<p><strong>\u0644\u0645 \u062a\u0643\u0646\u00a0\u0627\u0644\u0631\u063a\u0628\u0629 \u0641\u064a \u062e\u0648\u0636 \u063a\u0645\u0627\u0631 \u0631\u064a\u0627\u062f\u0629 \u0627\u0644\u0623\u0639\u0645\u0627\u0644 \u064a\u0648\u0645\u0627\u064b \u0623\u0642\u0648\u0649 \u0645\u0645\u0627 \u0647\u064a \u0639\u0644\u064a\u0647 \u0627\u0644\u064a\u0648\u0645\u060c \u0648\u0645\u0639 \u0630\u0644\u0643 \u064a\u0628\u0642\u0649 \u0627\u0644\u0627\u0646\u062a\u0642\u0627\u0644 \u0645\u0646 \u0627\u0644\u0641\u0643\u0631\u0629 \u0625\u0644\u0649 \u0627\u0644\u062a\u0646\u0641\u064a\u0630 \u0645\u062d\u062f\u0648\u062f\u0627\u064b. \u0647\u0630\u0627 \u0645\u0627 \u062e\u0644\u0635 \u0625\u0644\u064a\u0647 \u0627\u0644\u062f\u0643\u062a\u0648\u0631 \u0645\u062d\u0645\u062f\u064a \u0627\u0644\u064a\u0639\u0642\u0648\u0628\u064a\u060c \u0631\u0626\u064a\u0633 \u0645\u0631\u0643\u0632 \u0627\u0644\u062a\u0646\u0645\u064a\u0629 \u0627\u0644\u062c\u0647\u0648\u064a\u0629 \u0644\u062c\u0647\u0629 \u0645\u0631\u0627\u0643\u0634 \u0622\u0633\u0641\u064a \u0641\u064a \u0645\u062d\u0627\u0636\u0631\u0629 \u0623\u0644\u0642\u0627\u0647\u0627 \u0641\u064a \u0645\u0642\u0631 &#8220;Emerging Business Factory&#8221; \u0628\u0645\u062f\u064a\u0646\u0629 \u0645\u0631\u0627\u0643\u0634\u060c \u0623\u0648\u0644 \u0623\u0645\u0633 \u0627\u0644\u0623\u0631\u0628\u0639\u0627\u0621 29 \u0623\u0628\u0631\u064a\u0644 2026\u060c \u0623\u0645\u0627\u0645 \u0641\u0639\u0627\u0644\u064a\u0627\u062a \u0645\u0627\u0644\u064a\u0629 \u0648\u0627\u0642\u062a\u0635\u0627\u062f\u064a\u0629 \u0648\u0623\u0643\u0627\u062f\u064a\u0645\u064a\u0629\u060c \u0645\u0646 \u0627\u0644\u0645\u063a\u0631\u0628 \u0648\u0641\u0631\u0646\u0633\u0627.<\/strong><\/p>\n\n\n\n<p>\u0648\u0623\u0643\u062f\u062a \u0627\u0644\u062f\u0643\u062a\u0648\u0631\u0629 \u063a\u0632\u0644\u0627\u0646 \u0627\u0644\u0648\u0643\u064a\u0644\u064a Ghislaine Loukili \u0627\u0644\u062a\u064a \u0646\u0638\u0645\u062a \u0647\u0630\u0647 \u0627\u0644\u0641\u0639\u0627\u0644\u064a\u0629 \u0645\u062c\u0645\u0648\u0639\u062a\u0647\u0627 IEBA\u00a0Groupe \u00a0\u0628\u0634\u0631\u0627\u0643\u0629 \u0645\u0639 Oh MyMorocco\u00a0\u0648\u0628\u062a\u0646\u0633\u064a\u0642 \u0645\u0639 \u062c\u0627\u0645\u0639\u0629 \u0627\u0644\u0642\u0627\u0636\u064a \u0639\u064a\u0627\u0636 \u0628\u0645\u0631\u0627\u0643\u0634\u061b \u0623\u0643\u062f\u062a\u061b \u0639\u0644\u0649 \u062f\u0648\u0631 \u0627\u0644\u062a\u0645\u0643\u064a\u0646 \u0627\u0644\u0645\u0639\u0631\u0641\u064a \u0641\u064a \u062a\u062d\u0648\u064a\u0644 \u0627\u0644\u0623\u0641\u0643\u0627\u0631 \u0625\u0644\u0649 \u0648\u0627\u0642\u0639 \u0627\u0642\u062a\u0635\u0627\u062f\u064a. \u0648\u0623\u0628\u0631\u0632\u062a \u0639\u0628\u0631 \u0627\u062d\u0635\u0627\u0626\u064a\u0627\u062a \u0631\u064a\u0627\u062f\u0629 \u0627\u0644\u0623\u0639\u0645\u0627\u0644 \u0641\u064a \u0643\u0644 \u0645\u0646 \u0641\u0631\u0646\u0633\u0627 \u0648\u0627\u0644\u0645\u063a\u0631\u0628 \u062d\u0642\u064a\u0642\u0629 \u0623\u0633\u0627\u0633\u064a\u0629 \u0645\u0641\u0627\u062f\u0647\u0627 \u0623\u0646\u00a0\u0631\u064a\u0627\u062f\u0629 \u0627\u0644\u0623\u0639\u0645\u0627\u0644 \u0623\u0635\u0628\u062d\u062a \u0627\u0644\u064a\u0648\u0645 \u0631\u0627\u0641\u0639\u0629 \u0627\u0633\u062a\u0631\u0627\u062a\u064a\u062c\u064a\u0629 \u0644\u0644\u062a\u0646\u0645\u064a\u0629 \u0627\u0644\u0627\u0642\u062a\u0635\u0627\u062f\u064a\u0629 \u0648\u0627\u0644\u0627\u0628\u062a\u0643\u0627\u0631 \u0648\u0627\u0644\u062a\u062d\u0648\u0644 \u0627\u0644\u0627\u062c\u062a\u0645\u0627\u0639\u064a.<\/p>\n\n\n<div class=\"wp-block-image\">\n<figure class=\"aligncenter size-large\"><img loading=\"lazy\" decoding=\"async\" width=\"1024\" height=\"768\" src=\"https:\/\/www.alhadathlifriqui.com\/wp-content\/uploads\/2026\/05\/Jeune-entrepreneur13-1024x768.jpg\" alt=\"\" class=\"wp-image-118135\" srcset=\"https:\/\/www.alhadathlifriqui.com\/wp-content\/uploads\/2026\/05\/Jeune-entrepreneur13-1024x768.jpg 1024w, https:\/\/www.alhadathlifriqui.com\/wp-content\/uploads\/2026\/05\/Jeune-entrepreneur13-300x225.jpg 300w, https:\/\/www.alhadathlifriqui.com\/wp-content\/uploads\/2026\/05\/Jeune-entrepreneur13-768x576.jpg 768w, https:\/\/www.alhadathlifriqui.com\/wp-content\/uploads\/2026\/05\/Jeune-entrepreneur13-1536x1152.jpg 1536w, https:\/\/www.alhadathlifriqui.com\/wp-content\/uploads\/2026\/05\/Jeune-entrepreneur13.jpg 1600w\" sizes=\"auto, (max-width: 1024px) 100vw, 1024px\" \/><figcaption class=\"wp-element-caption\">\u0627\u0644\u062f\u0643\u062a\u0648\u0631\u0629 \u063a\u0632\u0644\u0627\u0646 \u0627\u0644\u0648\u0643\u064a\u0644\u064a \u062a\u0633\u0644\u0645 \u0634\u0647\u0627\u062f\u0629 \u0627\u0644\u062a\u0646\u0648\u064a\u0647 \u0644\u0623\u062d\u062f \u0627\u0644\u0645\u0634\u0627\u0631\u0643\u064a\u0646 <\/figcaption><\/figure><\/div>\n\n\n<p>\u0648\u0646\u0646\u0634\u0631 \u062d\u0635\u0631\u064a\u0627 \u0646\u0635 \u0627\u0644\u0643\u0644\u0645\u0629 \u0627\u0644\u0627\u0641\u062a\u062a\u0627\u062d\u064a\u0629 \u0644\u0644\u062f\u0643\u062a\u0648\u0631\u0629 \u063a\u0632\u0644\u0627\u0646 \u0627\u0644\u0648\u0643\u064a\u0644\u064a \u0628\u0627\u0644\u0644\u063a\u0629 \u0627\u0644\u0641\u0631\u0646\u0633\u064a\u0629 \u0644\u062a\u0639\u0645\u064a\u0645 \u0627\u0644\u0641\u0627\u0626\u062f\u0629 \u0644\u062f\u0649 \u0627\u0644\u0645\u0647\u062a\u0645\u064a\u0646 \u0645\u0646 \u0631\u062c\u0627\u0644 \u0627\u0644\u0645\u0627\u0644 \u0648\u0627\u0644\u0623\u0639\u0645\u0627\u0644 \u0648\u0627\u0644\u0634\u0628\u0627\u0628 \u0627\u0644\u0645\u0642\u0627\u0648\u0644 \u0641\u064a \u0641\u0631\u0646\u0633\u0627 \u0648\u0627\u0644\u0645\u063a\u0631\u0628. \u0628\u0639\u062f\u0645\u0627 \u0643\u0646\u0627 \u0646\u0634\u0631\u0646\u0627 \u0627\u0644\u0623\u0631\u0628\u0639\u0627\u0621 \u0627\u0644\u0645\u0627\u0636\u064a \u062a\u063a\u0637\u064a\u0629 \u0643\u0627\u0645\u0644\u0629 \u0644\u0647\u0630\u0627 \u0627\u0644\u062d\u062f\u062b \u0627\u0644\u0627\u0642\u062a\u0635\u0627\u062f\u064a \u0648\u0627\u0644\u0627\u0643\u0627\u062f\u064a\u0645\u064a .<\/p>\n\n\n\n<p class=\"has-text-align-left\"><strong>L\u2019entrepreneuriat.. Moteur de d\u00e9veloppement et&nbsp;d\u2019innovation en&nbsp;<\/strong><strong>France Au Maroc et l\u2019Afrique<\/strong><strong><\/strong><\/p>\n\n\n\n<p class=\"has-text-align-left\">IEBA Group, a accueilli une demi-journ\u00e9e en partenariat avec&nbsp;le campus MBway Paris&nbsp;et&nbsp;OhMyMorocco,et en coordination avec L\u2019Universit\u00e9 Cadi Ayyad de Marrakech&nbsp;; consacr\u00e9e \u00e0&nbsp;l\u2019entrepreneuriat, un \u00e9v\u00e9nement plac\u00e9 sous le signe de l\u2019innovation, de la cr\u00e9ativit\u00e9 et de la mobilit\u00e9&nbsp;internationale des \u00e9tudiants. Cette rencontre a r\u00e9uni \u00e9tudiants, enseignants, professionnels et partenaires institutionnels autour d\u2019un objectif commun :&nbsp;former les talents de demain&nbsp;et renforcer les passerelles entre&nbsp;la France, le Maroc et l\u2019Afrique.<\/p>\n\n\n\n<h4 class=\"wp-block-heading has-text-align-left\"><strong>Une initiative au service de&nbsp;la formation et de l\u2019ouverture internationale<\/strong><strong><\/strong><\/h4>\n\n\n<div class=\"wp-block-image\">\n<figure class=\"aligncenter size-large\"><img loading=\"lazy\" decoding=\"async\" width=\"1024\" height=\"614\" src=\"https:\/\/www.alhadathlifriqui.com\/wp-content\/uploads\/2026\/05\/Jeune-entrepreneur12-1024x614.jpg\" alt=\"\" class=\"wp-image-118136\" srcset=\"https:\/\/www.alhadathlifriqui.com\/wp-content\/uploads\/2026\/05\/Jeune-entrepreneur12-1024x614.jpg 1024w, https:\/\/www.alhadathlifriqui.com\/wp-content\/uploads\/2026\/05\/Jeune-entrepreneur12-300x180.jpg 300w, https:\/\/www.alhadathlifriqui.com\/wp-content\/uploads\/2026\/05\/Jeune-entrepreneur12-768x460.jpg 768w, https:\/\/www.alhadathlifriqui.com\/wp-content\/uploads\/2026\/05\/Jeune-entrepreneur12.jpg 1418w\" sizes=\"auto, (max-width: 1024px) 100vw, 1024px\" \/><figcaption class=\"wp-element-caption\">\u0645\u0642\u0627\u0648\u0644\u0648\u0646 \u0634\u0628\u0627\u0628 \u0645\u063a\u0627\u0631\u0628\u0629 \u0648\u0641\u0631\u0646\u0633\u064a\u064a\u0646 \u0628\u0645\u0634\u0627\u0631\u064a\u0639 \u0627\u0628\u062a\u0643\u0627\u0631\u064a\u0629<\/figcaption><\/figure><\/div>\n\n\n<p class=\"has-text-align-left\">Dans son allocution d\u2019ouverture, la pr\u00e9sidente d\u2019IEBA Group a soulign\u00e9 la port\u00e9e strat\u00e9gique de cette initiative, inscrite dans une dynamique de&nbsp;<strong>mobilit\u00e9 internationale<\/strong>&nbsp;et d\u2019<strong>\u00e9change acad\u00e9mique<\/strong>. L\u2019ambition affich\u00e9e est triple :<\/p>\n\n\n\n<p class=\"has-text-align-left\">Former des profils capables d\u2019\u00e9voluer dans un environnement globalis\u00e9- <\/p>\n\n\n\n<p class=\"has-text-align-left\">Connecter les \u00e9tudiants aux r\u00e9alit\u00e9s \u00e9conomiques et entrepreneuriales- <\/p>\n\n\n\n<p class=\"has-text-align-left\">Cr\u00e9er des liens durables entre\u00a0les \u00e9cosyst\u00e8mes d\u2019innovation des trois continents- <\/p>\n\n\n\n<p class=\"has-text-align-left\">Au c\u0153ur de cette rencontre figurait&nbsp;<strong>l\u2019exercice de cr\u00e9ation fictive d\u2019entreprise<\/strong>, un atelier pratique et structurant permettant aux \u00e9tudiants de comprendre&nbsp;les m\u00e9canismes de conception, de d\u00e9veloppement et de&nbsp;p\u00e9rennisation d\u2019un projet entrepreneurial. Cet exercice, \u00e9valu\u00e9 par un jury de professionnels, visait \u00e0 confronter les participants aux&nbsp;<strong>exigences r\u00e9elles du monde \u00e9conomique<\/strong>.<\/p>\n\n\n<div class=\"wp-block-image\">\n<figure class=\"aligncenter size-full\"><img loading=\"lazy\" decoding=\"async\" width=\"917\" height=\"908\" src=\"https:\/\/www.alhadathlifriqui.com\/wp-content\/uploads\/2026\/05\/Maffan-BP.jpg\" alt=\"\" class=\"wp-image-118142\" srcset=\"https:\/\/www.alhadathlifriqui.com\/wp-content\/uploads\/2026\/05\/Maffan-BP.jpg 917w, https:\/\/www.alhadathlifriqui.com\/wp-content\/uploads\/2026\/05\/Maffan-BP-300x297.jpg 300w, https:\/\/www.alhadathlifriqui.com\/wp-content\/uploads\/2026\/05\/Maffan-BP-150x150.jpg 150w, https:\/\/www.alhadathlifriqui.com\/wp-content\/uploads\/2026\/05\/Maffan-BP-768x760.jpg 768w\" sizes=\"auto, (max-width: 917px) 100vw, 917px\" \/><figcaption class=\"wp-element-caption\">  Mohamed Affane Pr\u00e9sident du Directoire du Banque Populaire<\/figcaption><\/figure><\/div>\n\n\n<h4 class=\"wp-block-heading has-text-align-left\"><strong>L\u2019entrepreneuriat, moteur de d\u00e9veloppement et&nbsp;d\u2019innovation<\/strong><strong><\/strong><\/h4>\n\n\n\n<p class=\"has-text-align-left\">Les donn\u00e9es pr\u00e9sent\u00e9es lors de la conf\u00e9rence ont mis en lumi\u00e8re la vitalit\u00e9 de l\u2019\u00e9cosyst\u00e8me entrepreneurial \u00e0 l\u2019\u00e9chelle internationale. En&nbsp;France, selon l\u2019INSEE,&nbsp;le nombre de cr\u00e9ations d\u2019entreprises est pass\u00e9 de&nbsp;564 000 en 2015 \u00e0 plus d\u2019un million aujourd\u2019hui, soit une croissance de plus de 100 % en dix ans.<br>Au&nbsp;Maroc, les chiffres de l\u2019OMPIC confirment la m\u00eame tendance, avec pr\u00e8s de&nbsp;95 000 nouvelles entreprises cr\u00e9\u00e9es chaque ann\u00e9e, traduisant un&nbsp;engagement croissant des jeunes porteurs de projets&nbsp;et un&nbsp;renforcement du tissu \u00e9conomique national.<\/p>\n\n\n\n<p class=\"has-text-align-left\">Ces trajectoires convergentes illustrent une r\u00e9alit\u00e9 essentielle :&nbsp;l\u2019entrepreneuriat est d\u00e9sormais un levier strat\u00e9gique de d\u00e9veloppement \u00e9conomique, d\u2019innovation et de transformation sociale. Toutefois, entreprendre ne s\u2019improvise pas. Cela requiert&nbsp;pr\u00e9paration, accompagnement et vision, des valeurs que cette initiative entend transmettre aux \u00e9tudiants.<\/p>\n\n\n<div class=\"wp-block-image\">\n<figure class=\"aligncenter size-large\"><img loading=\"lazy\" decoding=\"async\" width=\"1024\" height=\"756\" src=\"https:\/\/www.alhadathlifriqui.com\/wp-content\/uploads\/2026\/05\/Jeune-entrepreneur8-1024x756.jpg\" alt=\"\" class=\"wp-image-118137\" srcset=\"https:\/\/www.alhadathlifriqui.com\/wp-content\/uploads\/2026\/05\/Jeune-entrepreneur8-1024x756.jpg 1024w, https:\/\/www.alhadathlifriqui.com\/wp-content\/uploads\/2026\/05\/Jeune-entrepreneur8-300x221.jpg 300w, https:\/\/www.alhadathlifriqui.com\/wp-content\/uploads\/2026\/05\/Jeune-entrepreneur8-768x567.jpg 768w, https:\/\/www.alhadathlifriqui.com\/wp-content\/uploads\/2026\/05\/Jeune-entrepreneur8.jpg 1496w\" sizes=\"auto, (max-width: 1024px) 100vw, 1024px\" \/><figcaption class=\"wp-element-caption\">\u0627\u0644\u0645\u0642\u0627\u0648\u0644\u0648\u0646 \u0627\u0644\u0634\u0628\u0627\u0628 \u0628\u0645\u0634\u0627\u0631\u064a\u0639 \u0627\u0628\u062a\u0643\u0627\u0631\u064a\u0629<\/figcaption><\/figure><\/div>\n\n\n<h4 class=\"wp-block-heading has-text-align-left\"><strong>Une reconnaissance aux acteurs de l\u2019innovation<\/strong><strong><\/strong><\/h4>\n\n\n\n<p class=\"has-text-align-left\">L\u2019orateur a tenu \u00e0 saluer l\u2019engagement de&nbsp;l\u2019Universit\u00e9 Cadi Ayyad&nbsp;et de ses responsables, notamment&nbsp;le Pr Khalla Tarik,&nbsp;le Pr El Yaacoubi Mohamadi,&nbsp;Mme Houda Faik, directrice du Centre d\u2019Innovation, ainsi que&nbsp;le Pr Farid Chaouki, directeur du NPG, pour leur accompagnement et leur accueil.<br>Il a \u00e9galement remerci\u00e9&nbsp;les membres du jury,&nbsp;les intervenants&nbsp;et&nbsp;les partenaires&nbsp;dont la contribution a enrichi la qualit\u00e9 des \u00e9changes et renforc\u00e9 la port\u00e9e p\u00e9dagogique de l\u2019\u00e9v\u00e9nement.<\/p>\n\n\n\n<h4 class=\"wp-block-heading has-text-align-left\"><strong>Les \u00e9tudiants, acteurs du monde de demain<\/strong><strong><\/strong><\/h4>\n\n\n<div class=\"wp-block-image\">\n<figure class=\"aligncenter size-large\"><img loading=\"lazy\" decoding=\"async\" width=\"772\" height=\"1024\" src=\"https:\/\/www.alhadathlifriqui.com\/wp-content\/uploads\/2026\/05\/Jeune-entrepreneur10-772x1024.jpg\" alt=\"\" class=\"wp-image-118143\" srcset=\"https:\/\/www.alhadathlifriqui.com\/wp-content\/uploads\/2026\/05\/Jeune-entrepreneur10-772x1024.jpg 772w, https:\/\/www.alhadathlifriqui.com\/wp-content\/uploads\/2026\/05\/Jeune-entrepreneur10-226x300.jpg 226w, https:\/\/www.alhadathlifriqui.com\/wp-content\/uploads\/2026\/05\/Jeune-entrepreneur10-768x1019.jpg 768w, https:\/\/www.alhadathlifriqui.com\/wp-content\/uploads\/2026\/05\/Jeune-entrepreneur10-1158x1536.jpg 1158w, https:\/\/www.alhadathlifriqui.com\/wp-content\/uploads\/2026\/05\/Jeune-entrepreneur10.jpg 1164w\" sizes=\"auto, (max-width: 772px) 100vw, 772px\" \/><\/figure><\/div>\n\n\n<p class=\"has-text-align-left\">En conclusion, les \u00e9tudiants ont \u00e9t\u00e9 invit\u00e9s \u00e0&nbsp;s\u2019impliquer pleinement dans cette exp\u00e9rience, \u00e0&nbsp;oser, innover et challenger leurs id\u00e9es, car au-del\u00e0 de l\u2019exercice acad\u00e9mique, ils incarnent d\u00e9j\u00e0&nbsp;les acteurs du monde de demain.<\/p>\n\n\n\n<p class=\"has-text-align-left\">Cette demi-journ\u00e9e, marqu\u00e9e par un esprit d\u2019ouverture et de collaboration, a confirm\u00e9 le r\u00f4le central de l\u2019Universit\u00e9 Cadi Ayyad comme&nbsp;p\u00f4le d\u2019excellence et d\u2019innovation&nbsp;au service de la jeunesse et du d\u00e9veloppement \u00e9conomique.<\/p>\n\n\n\n<p class=\"has-text-align-right\">\u0648\u0623\u064a\u0636\u0627 \u0644\u0623\u0627\u0647\u0645\u064a\u062a\u0647\u0627\u060c \u0646\u0646\u0634\u0631 \u0646\u0635 \u0627\u0644\u0645\u062d\u0627\u0636\u0631\u0629 \u0627\u0644\u062a\u064a \u0623\u0644\u0642\u0627\u0647\u0627 \u0627\u0644\u062f\u0643\u062a\u0648\u0631 \u0645\u062d\u0645\u062f\u064a \u0627\u0644\u064a\u0639\u0642\u0648\u0628\u064a \u0631\u0626\u064a\u0633 \u0645\u0631\u0643\u0632 \u0627\u0644\u062a\u0646\u0645\u064a\u0629 \u0627\u0644\u062c\u0647\u0648\u064a\u0629 \u0644\u062c\u0647\u0629 \u0645\u0631\u0627\u0643\u0634 \u0622\u0633\u0641\u064a.<\/p>\n\n\n<div class=\"wp-block-image\">\n<figure class=\"aligncenter size-large\"><img loading=\"lazy\" decoding=\"async\" width=\"1024\" height=\"593\" src=\"https:\/\/www.alhadathlifriqui.com\/wp-content\/uploads\/2026\/05\/Jeune-entrepreneur15-1024x593.jpg\" alt=\"\" class=\"wp-image-118133\" srcset=\"https:\/\/www.alhadathlifriqui.com\/wp-content\/uploads\/2026\/05\/Jeune-entrepreneur15-1024x593.jpg 1024w, https:\/\/www.alhadathlifriqui.com\/wp-content\/uploads\/2026\/05\/Jeune-entrepreneur15-300x174.jpg 300w, https:\/\/www.alhadathlifriqui.com\/wp-content\/uploads\/2026\/05\/Jeune-entrepreneur15-768x445.jpg 768w, https:\/\/www.alhadathlifriqui.com\/wp-content\/uploads\/2026\/05\/Jeune-entrepreneur15.jpg 1386w\" sizes=\"auto, (max-width: 1024px) 100vw, 1024px\" \/><figcaption class=\"wp-element-caption\">\u062c\u0627\u0646\u0628 \u0645\u0646 \u0627\u0644\u062d\u0636\u0648\u0631<\/figcaption><\/figure><\/div>\n\n\n<p class=\"has-text-align-left\"><strong>Entrepreneuriat : d\u00e9passer le mythe pour affronter la r\u00e9alit\u00e9 du terrain<\/strong><\/p>\n\n\n\n<p class=\"has-text-align-left\">L\u2019envie d\u2019entreprendre n\u2019a jamais \u00e9t\u00e9 aussi forte. Pourtant, le passage \u00e0 l\u2019acte reste limit\u00e9. C\u2019est le constat dress\u00e9 par le professeur Mohamadi EL YACOUBI lors d\u2019une conf\u00e9rence d\u00e9di\u00e9e \u00e0 la cr\u00e9ation d\u2019entreprise, o\u00f9 il a livr\u00e9 une lecture lucide et sans complaisance des r\u00e9alit\u00e9s entrepreneuriales.<\/p>\n\n\n\n<p class=\"has-text-align-left\">Premier enseignement : la cr\u00e9ation d\u2019entreprise est avant tout une aventure humaine, bien avant d\u2019\u00eatre un projet \u00e9conomique. \u00ab L\u2019id\u00e9e ne suffit pas \u00bb, insiste le conf\u00e9rencier. Le v\u00e9ritable point de d\u00e9part r\u00e9side dans la capacit\u00e9 du porteur de projet \u00e0 s\u2019engager pleinement, \u00e0 accepter l\u2019incertitude et \u00e0 assumer les risques inh\u00e9rents \u00e0 toute initiative entrepreneuriale.<\/p>\n\n\n\n<p class=\"has-text-align-left\"><strong>Le facteur humain, cl\u00e9 de vo\u00fbte du projet<\/strong><\/p>\n\n\n\n<p class=\"has-text-align-left\">Contrairement aux id\u00e9es re\u00e7ues, il n\u2019existe pas de profil type de l\u2019entrepreneur. Salari\u00e9s, jeunes dipl\u00f4m\u00e9s, demandeurs d\u2019emploi ou retrait\u00e9s peuvent se lancer. Toutefois, certaines constantes \u00e9mergent : go\u00fbt de l\u2019ind\u00e9pendance, ambition, capacit\u00e9 \u00e0 prendre des risques et forte motivation.<\/p>\n\n\n\n<p class=\"has-text-align-left\">Au-del\u00e0 des comp\u00e9tences techniques, c\u2019est l\u2019\u00e9tat d\u2019esprit qui fait la diff\u00e9rence. L\u2019environnement familial et les valeurs inculqu\u00e9es jouent un r\u00f4le d\u00e9terminant, souvent plus que les moyens financiers ou le niveau d\u2019\u00e9tudes.<\/p>\n\n\n\n<p class=\"has-text-align-left\">Autre exigence majeure : la disponibilit\u00e9. Cr\u00e9er une entreprise implique un engagement total, dans un contexte marqu\u00e9 par des contraintes administratives, juridiques et financi\u00e8res parfois lourdes. Le soutien de l\u2019entourage appara\u00eet d\u00e8s lors comme un levier d\u00e9cisif.<\/p>\n\n\n\n<figure class=\"wp-block-image size-large\"><img loading=\"lazy\" decoding=\"async\" width=\"952\" height=\"1024\" src=\"https:\/\/www.alhadathlifriqui.com\/wp-content\/uploads\/2026\/05\/Jeune-entrepreneur5-952x1024.jpg\" alt=\"\" class=\"wp-image-118140\" srcset=\"https:\/\/www.alhadathlifriqui.com\/wp-content\/uploads\/2026\/05\/Jeune-entrepreneur5-952x1024.jpg 952w, https:\/\/www.alhadathlifriqui.com\/wp-content\/uploads\/2026\/05\/Jeune-entrepreneur5-279x300.jpg 279w, https:\/\/www.alhadathlifriqui.com\/wp-content\/uploads\/2026\/05\/Jeune-entrepreneur5-768x826.jpg 768w, https:\/\/www.alhadathlifriqui.com\/wp-content\/uploads\/2026\/05\/Jeune-entrepreneur5.jpg 1143w\" sizes=\"auto, (max-width: 952px) 100vw, 952px\" \/><figcaption class=\"wp-element-caption\"><strong>Pr Mohamadi EL yacoubi Pr\u00e9sident du CDD de la Region Marrakech Safi<\/strong><\/figcaption><\/figure>\n\n\n\n<p class=\"has-text-align-left\"><strong>Des motivations en mutation<\/strong><\/p>\n\n\n\n<p class=\"has-text-align-left\">L\u2019analyse met en \u00e9vidence une \u00e9volution des motivations entrepreneuriales. La recherche de statut social ou de gains rapides c\u00e8de progressivement la place \u00e0 des aspirations plus profondes : autonomie, accomplissement personnel et qu\u00eate de sens.<\/p>\n\n\n\n<p class=\"has-text-align-left\">Dans certains cas, l\u2019entrepreneuriat s\u2019impose \u00e9galement comme une r\u00e9ponse \u00e0 des contraintes \u00e9conomiques, notamment pour les personnes en situation de ch\u00f4mage. \u00c0 cela s\u2019ajoute une dimension plus immat\u00e9rielle : le go\u00fbt du d\u00e9fi, voire une forme d\u2019engagement vis-\u00e0-vis de la soci\u00e9t\u00e9.<\/p>\n\n\n\n<p class=\"has-text-align-left\"><strong>L\u2019id\u00e9e, une opportunit\u00e9 \u00e0 construire<\/strong><\/p>\n\n\n\n<p class=\"has-text-align-left\">Autre point cl\u00e9 abord\u00e9 lors de cette conf\u00e9rence : le mythe de \u00ab l\u2019id\u00e9e r\u00e9volutionnaire \u00bb. Dans la pratique, peu de projets reposent sur une innovation radicale. La majorit\u00e9 des cr\u00e9ations d\u2019entreprise s\u2019appuie sur l\u2019identification d\u2019un besoin mal satisfait, l\u2019am\u00e9lioration d\u2019une offre existante ou l\u2019adaptation d\u2019un mod\u00e8le \u00e0 un nouveau contexte.<\/p>\n\n\n\n<p class=\"has-text-align-left\">L\u2019enjeu n\u2019est donc pas tant d\u2019inventer que de se diff\u00e9rencier. Cette diff\u00e9renciation repose sur la capacit\u00e9 \u00e0 observer son environnement, \u00e0 analyser les dysfonctionnements du march\u00e9 et \u00e0 transformer ces constats en opportunit\u00e9s concr\u00e8tes.<\/p>\n\n\n\n<p class=\"has-text-align-left\"><strong>Observer, analyser, agir<\/strong><\/p>\n\n\n\n<p class=\"has-text-align-left\">Les sources d\u2019inspiration sont multiples : observation de la vie \u00e9conomique, analyse de la concurrence, exp\u00e9rience professionnelle ou encore \u00e9volution des modes de consommation.<\/p>\n\n\n\n<p class=\"has-text-align-left\">Par ailleurs, entreprendre ne signifie pas n\u00e9cessairement partir de z\u00e9ro. Franchise, reprise d\u2019entreprise, partenariats ou acquisition de licences constituent des alternatives cr\u00e9dibles pour structurer un projet et en r\u00e9duire les risques.<\/p>\n\n\n\n<p class=\"has-text-align-left\"><strong>Une \u00e9quation exigeante<\/strong><\/p>\n\n\n\n<p class=\"has-text-align-left\">Au final, la cr\u00e9ation d\u2019entreprise appara\u00eet comme un \u00e9quilibre fragile entre ambition et lucidit\u00e9. Les obstacles sont nombreux, les \u00e9checs fr\u00e9quents, mais les opportunit\u00e9s r\u00e9elles pour ceux qui s\u2019y pr\u00e9parent s\u00e9rieusement.<\/p>\n\n\n\n<p class=\"has-text-align-left\">Le message du professeur Mohamadi EL YACOUBI est clair : entreprendre ne rel\u00e8ve ni du hasard ni du seul enthousiasme. C\u2019est une d\u00e9marche structur\u00e9e, exigeante, qui repose autant sur la solidit\u00e9 du projet que sur la capacit\u00e9 du porteur \u00e0 en assumer pleinement les implications.<\/p>\n","protected":false},"excerpt":{"rendered":"<p>\u0644\u0645 \u062a\u0643\u0646\u00a0\u0627\u0644\u0631\u063a\u0628\u0629 \u0641\u064a \u062e\u0648\u0636 \u063a\u0645\u0627\u0631 \u0631\u064a\u0627\u062f\u0629 \u0627\u0644\u0623\u0639\u0645\u0627\u0644 \u064a\u0648\u0645\u0627\u064b \u0623\u0642\u0648\u0649 \u0645\u0645\u0627 \u0647\u064a \u0639\u0644\u064a\u0647 \u0627\u0644\u064a\u0648\u0645\u060c \u0648\u0645\u0639 \u0630\u0644\u0643 \u064a\u0628\u0642\u0649 \u0627\u0644\u0627\u0646\u062a\u0642\u0627\u0644 \u0645\u0646 \u0627\u0644\u0641\u0643\u0631\u0629 \u0625\u0644\u0649 \u0627\u0644\u062a\u0646\u0641\u064a\u0630 \u0645\u062d\u062f\u0648\u062f\u0627\u064b. \u0647\u0630\u0627 \u0645\u0627 \u062e\u0644\u0635 \u0625\u0644\u064a\u0647 \u0627\u0644\u062f\u0643\u062a\u0648\u0631 \u0645\u062d\u0645\u062f\u064a \u0627\u0644\u064a\u0639\u0642\u0648\u0628\u064a\u060c \u0631\u0626\u064a\u0633 \u0645\u0631\u0643\u0632 \u0627\u0644\u062a\u0646\u0645\u064a\u0629 \u0627\u0644\u062c\u0647\u0648\u064a\u0629 \u0644\u062c\u0647\u0629 \u0645\u0631\u0627\u0643\u0634 \u0622\u0633\u0641\u064a \u0641\u064a \u0645\u062d\u0627\u0636\u0631\u0629 \u0623\u0644\u0642\u0627\u0647\u0627 \u0641\u064a \u0645\u0642\u0631 &#8220;Emerging Business Factory&#8221; \u0628\u0645\u062f\u064a\u0646\u0629 \u0645\u0631\u0627\u0643\u0634\u060c \u0623\u0648\u0644 \u0623\u0645\u0633 \u0627\u0644\u0623\u0631\u0628\u0639\u0627\u0621 29 \u0623\u0628\u0631\u064a\u0644 2026\u060c \u0623\u0645\u0627\u0645 \u0641\u0639\u0627\u0644\u064a\u0627\u062a \u0645\u0627\u0644\u064a\u0629 &hellip;<\/p>\n","protected":false},"author":45,"featured_media":118134,"comment_status":"open","ping_status":"open","sticky":false,"template":"","format":"standard","meta":{"footnotes":""},"categories":[60,6328,28],"tags":[42352,42353,3783,2940],"class_list":["post-118132","post","type-post","status-publish","format-standard","has-post-thumbnail","hentry","category-60","category-6328","category-28","tag-ieba-groupe","tag-oh-mymorocco","tag-3783","tag-2940"],"_links":{"self":[{"href":"https:\/\/www.alhadathlifriqui.com\/index.php?rest_route=\/wp\/v2\/posts\/118132","targetHints":{"allow":["GET"]}}],"collection":[{"href":"https:\/\/www.alhadathlifriqui.com\/index.php?rest_route=\/wp\/v2\/posts"}],"about":[{"href":"https:\/\/www.alhadathlifriqui.com\/index.php?rest_route=\/wp\/v2\/types\/post"}],"author":[{"embeddable":true,"href":"https:\/\/www.alhadathlifriqui.com\/index.php?rest_route=\/wp\/v2\/users\/45"}],"replies":[{"embeddable":true,"href":"https:\/\/www.alhadathlifriqui.com\/index.php?rest_route=%2Fwp%2Fv2%2Fcomments&post=118132"}],"version-history":[{"count":2,"href":"https:\/\/www.alhadathlifriqui.com\/index.php?rest_route=\/wp\/v2\/posts\/118132\/revisions"}],"predecessor-version":[{"id":118146,"href":"https:\/\/www.alhadathlifriqui.com\/index.php?rest_route=\/wp\/v2\/posts\/118132\/revisions\/118146"}],"wp:featuredmedia":[{"embeddable":true,"href":"https:\/\/www.alhadathlifriqui.com\/index.php?rest_route=\/wp\/v2\/media\/118134"}],"wp:attachment":[{"href":"https:\/\/www.alhadathlifriqui.com\/index.php?rest_route=%2Fwp%2Fv2%2Fmedia&parent=118132"}],"wp:term":[{"taxonomy":"category","embeddable":true,"href":"https:\/\/www.alhadathlifriqui.com\/index.php?rest_route=%2Fwp%2Fv2%2Fcategories&post=118132"},{"taxonomy":"post_tag","embeddable":true,"href":"https:\/\/www.alhadathlifriqui.com\/index.php?rest_route=%2Fwp%2Fv2%2Ftags&post=118132"}],"curies":[{"name":"wp","href":"https:\/\/api.w.org\/{rel}","templated":true}]}}